{"id":25,"date":"2024-09-17T16:42:23","date_gmt":"2024-09-17T19:42:23","guid":{"rendered":"https:\/\/caletaolivia.gov.ar\/agenciadedesarrollo\/?p=25"},"modified":"2024-09-28T09:40:53","modified_gmt":"2024-09-28T12:40:53","slug":"can-curiosity-may-end-shameless-explained","status":"publish","type":"post","link":"https:\/\/caletaolivia.gov.ar\/agenciadedesarrollo\/2024\/09\/17\/can-curiosity-may-end-shameless-explained\/","title":{"rendered":"Inteligencia Artificial en la econom\u00eda del futuro sustentable"},"content":{"rendered":"\n<h2 class=\"wp-block-heading\">IX Encuentro Binacional &#8211; Punta Arenas.<\/h2>\n\n\n\n<p>La Fundaci\u00f3n Agencia de Desarrollo, junto a Empresarias Del Fin del Mundo, te invita a participar de esta gran evento IX Encuentro Binacional_Punta Arenas<img loading=\"lazy\" decoding=\"async\" height=\"16\" width=\"16\" alt=\"\ud83d\udc49\" src=\"https:\/\/static.xx.fbcdn.net\/images\/emoji.php\/v9\/t51\/1\/16\/1f449.png\">sobre Inteligencia Artificial en la Econom\u00eda del Futuro Sustentable <img loading=\"lazy\" decoding=\"async\" height=\"16\" width=\"16\" alt=\"\ud83d\udc49\" src=\"https:\/\/static.xx.fbcdn.net\/images\/emoji.php\/v9\/t51\/1\/16\/1f449.png\">destinado a Mujeres emprendedoras y empresarios <img loading=\"lazy\" decoding=\"async\" height=\"16\" width=\"16\" alt=\"\ud83d\ude4e\ud83c\udffb\u200d\u2640\ufe0f\" src=\"https:\/\/static.xx.fbcdn.net\/images\/emoji.php\/v9\/te8\/1\/16\/1f64e_1f3fb_200d_2640.png\"><img loading=\"lazy\" decoding=\"async\" height=\"16\" width=\"16\" alt=\"\ud83d\ude4e\ud83c\udffb\u200d\u2642\ufe0f\" src=\"https:\/\/static.xx.fbcdn.net\/images\/emoji.php\/v9\/tea\/1\/16\/1f64e_1f3fb_200d_2642.png\"><\/p>\n\n\n\n<p>Te interesa participar sumate todav\u00eda est\u00e1s a tiempo , contactarte con nosotros <img loading=\"lazy\" decoding=\"async\" height=\"16\" width=\"16\" alt=\"\ud83d\udc47\" src=\"https:\/\/static.xx.fbcdn.net\/images\/emoji.php\/v9\/t4f\/1\/16\/1f447.png\"><\/p>\n\n\n\n<p>al celular:2974002732 o ac\u00e9rcate para m\u00e1s informaci\u00f3n a Rosario Vera Pe\u00f1aloza 155<\/p>\n\n\n\n<figure class=\"wp-block-image size-full\"><img loading=\"lazy\" decoding=\"async\" width=\"508\" height=\"720\" src=\"https:\/\/caletaolivia.gov.ar\/agenciadedesarrollo\/wp-content\/uploads\/2024\/09\/Empresasdelfindelmundo.jpg\" alt=\"\" class=\"wp-image-112\" srcset=\"https:\/\/caletaolivia.gov.ar\/agenciadedesarrollo\/wp-content\/uploads\/2024\/09\/Empresasdelfindelmundo.jpg 508w, https:\/\/caletaolivia.gov.ar\/agenciadedesarrollo\/wp-content\/uploads\/2024\/09\/Empresasdelfindelmundo-212x300.jpg 212w\" sizes=\"(max-width: 508px) 100vw, 508px\" \/><\/figure>\n","protected":false},"excerpt":{"rendered":"<p>Inteligencia Artificial en la econom\u00eda del futuro sustentable<br \/>\nIX Encuentro Binacional &#8211; Punta Arenas.<\/p>\n","protected":false},"author":2,"featured_media":112,"comment_status":"closed","ping_status":"closed","sticky":false,"template":"","format":"standard","meta":{"footnotes":""},"categories":[4],"tags":[],"_links":{"self":[{"href":"https:\/\/caletaolivia.gov.ar\/agenciadedesarrollo\/wp-json\/wp\/v2\/posts\/25"}],"collection":[{"href":"https:\/\/caletaolivia.gov.ar\/agenciadedesarrollo\/wp-json\/wp\/v2\/posts"}],"about":[{"href":"https:\/\/caletaolivia.gov.ar\/agenciadedesarrollo\/wp-json\/wp\/v2\/types\/post"}],"author":[{"embeddable":true,"href":"https:\/\/caletaolivia.gov.ar\/agenciadedesarrollo\/wp-json\/wp\/v2\/users\/2"}],"replies":[{"embeddable":true,"href":"https:\/\/caletaolivia.gov.ar\/agenciadedesarrollo\/wp-json\/wp\/v2\/comments?post=25"}],"version-history":[{"count":2,"href":"https:\/\/caletaolivia.gov.ar\/agenciadedesarrollo\/wp-json\/wp\/v2\/posts\/25\/revisions"}],"predecessor-version":[{"id":114,"href":"https:\/\/caletaolivia.gov.ar\/agenciadedesarrollo\/wp-json\/wp\/v2\/posts\/25\/revisions\/114"}],"wp:featuredmedia":[{"embeddable":true,"href":"https:\/\/caletaolivia.gov.ar\/agenciadedesarrollo\/wp-json\/wp\/v2\/media\/112"}],"wp:attachment":[{"href":"https:\/\/caletaolivia.gov.ar\/agenciadedesarrollo\/wp-json\/wp\/v2\/media?parent=25"}],"wp:term":[{"taxonomy":"category","embeddable":true,"href":"https:\/\/caletaolivia.gov.ar\/agenciadedesarrollo\/wp-json\/wp\/v2\/categories?post=25"},{"taxonomy":"post_tag","embeddable":true,"href":"https:\/\/caletaolivia.gov.ar\/agenciadedesarrollo\/wp-json\/wp\/v2\/tags?post=25"}],"curies":[{"name":"wp","href":"https:\/\/api.w.org\/{rel}","templated":true}]}}